{"id":460,"date":"2016-11-07T09:51:37","date_gmt":"2016-11-07T09:51:37","guid":{"rendered":"http:\/\/www.galega-asso.fr\/?p=460"},"modified":"2022-07-20T06:08:46","modified_gmt":"2022-07-20T06:08:46","slug":"huile-dolive-vierge-extra-galega","status":"publish","type":"post","link":"https:\/\/www.galega-asso.fr\/index.php\/2016\/11\/07\/huile-dolive-vierge-extra-galega\/","title":{"rendered":"Huile d&rsquo;Olive Vierge Extra Gal\u00e9ga"},"content":{"rendered":"<h3 class=\"post-title entry-title\">Olives en Algarve : La r\u00e9colte 2016 !<\/h3>\n<p><a href=\"https:\/\/www.galega-asso.fr\/wp-content\/uploads\/2015\/10\/olives-galega-mures.jpg\"><img decoding=\"async\" loading=\"lazy\" class=\"size-medium alignleft wp-image-308\" src=\"https:\/\/www.galega-asso.fr\/wp-content\/uploads\/2015\/10\/olives-galega-mures-300x200.jpg\" alt=\"olives galega mures\" width=\"300\" height=\"200\" srcset=\"https:\/\/www.galega-asso.fr\/wp-content\/uploads\/2015\/10\/olives-galega-mures-300x200.jpg 300w, https:\/\/www.galega-asso.fr\/wp-content\/uploads\/2015\/10\/olives-galega-mures-1024x683.jpg 1024w, https:\/\/www.galega-asso.fr\/wp-content\/uploads\/2015\/10\/olives-galega-mures.jpg 1350w\" sizes=\"(max-width: 300px) 100vw, 300px\" \/><\/a>La r\u00e9colte des olives va d\u00e9buter en Algarve, au sud du Portugal.<br \/>\nDerri\u00e8re les plages, dans l&rsquo;arri\u00e8re pays se niche une campagne vallonn\u00e9e, rocailleuse et riche.<br \/>\nL&rsquo;agriculture vivri\u00e8re et traditionnelle des portugais fait depuis toujours la belle part aux oliviers, orangers, citronniers, et amandiers.<br \/>\nVoici les petites Olives Gal\u00e9ga qui continueront de murir tranquillement sur les Oliviers. Elles seront cueillies bien mures et s\u00e9lectionn\u00e9es pour confectionner votre Huile d&rsquo;Olive Extra Vierge \u00e0 la saveur douce et fruit\u00e9e.<\/p>\n<div class=\"postmeta\">\n<h3 class=\"post-title entry-title\">L&rsquo;Huile d&rsquo;Olive Extra Vierge<\/h3>\n<\/div>\n<p><a href=\"https:\/\/www.galega-asso.fr\/wp-content\/uploads\/2016\/11\/IMG_0105-Copier.jpg\"><img decoding=\"async\" loading=\"lazy\" class=\"alignleft size-medium wp-image-461\" src=\"https:\/\/www.galega-asso.fr\/wp-content\/uploads\/2016\/11\/IMG_0105-Copier-300x200.jpg\" alt=\"img_0105-copier\" width=\"300\" height=\"200\" srcset=\"https:\/\/www.galega-asso.fr\/wp-content\/uploads\/2016\/11\/IMG_0105-Copier-300x200.jpg 300w, https:\/\/www.galega-asso.fr\/wp-content\/uploads\/2016\/11\/IMG_0105-Copier-768x512.jpg 768w, https:\/\/www.galega-asso.fr\/wp-content\/uploads\/2016\/11\/IMG_0105-Copier-1024x683.jpg 1024w, https:\/\/www.galega-asso.fr\/wp-content\/uploads\/2016\/11\/IMG_0105-Copier.jpg 1350w\" sizes=\"(max-width: 300px) 100vw, 300px\" \/><\/a>Cette d\u00e9nomination signifie qu&rsquo;elles sont extraites par proc\u00e9d\u00e9 m\u00e9canique (non pas chimique) dans un moulin. Leurs caract\u00e9ristiques\u00a0 sont contr\u00f4l\u00e9es.<\/p>\n<p>La mention \u00ab\u00a0premi\u00e8re pression \u00e0 froid\u00a0\u00bb est devenue obsol\u00e8te puisqu&rsquo; aujourd&rsquo;hui, toutes les huiles produites dans l&rsquo;Union europ\u00e9enne sont extraites en une seule et simple pression, sans \u00eatre chauff\u00e9es.<\/p>\n<p>Ce qui veut dire aussi que tous les petits moulins qui \u00e9maillaient les campagnes de l&rsquo;Algarve (comme partout en Europe) se sont, soit \u00e9quip\u00e9s comme ici de mat\u00e9riel aux normes europ\u00e9ennes&#8230; soit il ont cess\u00e9 l&rsquo;activit\u00e9.<\/p>\n","protected":false},"excerpt":{"rendered":"<p>Olives en Algarve : La r\u00e9colte 2016 ! La r\u00e9colte des olives va d\u00e9buter en Algarve, au sud du Portugal. Derri\u00e8re les plages, dans l&rsquo;arri\u00e8re pays se niche une campagne vallonn\u00e9e, rocailleuse et riche. L&rsquo;agriculture vivri\u00e8re et traditionnelle des portugais fait depuis toujours la belle part aux oliviers, orangers, citronniers, et amandiers. Voici les petites Olives Gal\u00e9ga qui continueront de [&#8230;]<\/p>\n","protected":false},"author":1,"featured_media":0,"comment_status":"open","ping_status":"open","sticky":false,"template":"","format":"standard","meta":[],"categories":[9],"tags":[],"_links":{"self":[{"href":"https:\/\/www.galega-asso.fr\/index.php\/wp-json\/wp\/v2\/posts\/460"}],"collection":[{"href":"https:\/\/www.galega-asso.fr\/index.php\/wp-json\/wp\/v2\/posts"}],"about":[{"href":"https:\/\/www.galega-asso.fr\/index.php\/wp-json\/wp\/v2\/types\/post"}],"author":[{"embeddable":true,"href":"https:\/\/www.galega-asso.fr\/index.php\/wp-json\/wp\/v2\/users\/1"}],"replies":[{"embeddable":true,"href":"https:\/\/www.galega-asso.fr\/index.php\/wp-json\/wp\/v2\/comments?post=460"}],"version-history":[{"count":5,"href":"https:\/\/www.galega-asso.fr\/index.php\/wp-json\/wp\/v2\/posts\/460\/revisions"}],"predecessor-version":[{"id":933,"href":"https:\/\/www.galega-asso.fr\/index.php\/wp-json\/wp\/v2\/posts\/460\/revisions\/933"}],"wp:attachment":[{"href":"https:\/\/www.galega-asso.fr\/index.php\/wp-json\/wp\/v2\/media?parent=460"}],"wp:term":[{"taxonomy":"category","embeddable":true,"href":"https:\/\/www.galega-asso.fr\/index.php\/wp-json\/wp\/v2\/categories?post=460"},{"taxonomy":"post_tag","embeddable":true,"href":"https:\/\/www.galega-asso.fr\/index.php\/wp-json\/wp\/v2\/tags?post=460"}],"curies":[{"name":"wp","href":"https:\/\/api.w.org\/{rel}","templated":true}]}}