{"id":768,"date":"2019-08-31T16:32:40","date_gmt":"2019-08-31T16:32:40","guid":{"rendered":"http:\/\/www.galega-asso.fr\/?p=768"},"modified":"2019-09-12T11:58:29","modified_gmt":"2019-09-12T11:58:29","slug":"lorange-valencia-late","status":"publish","type":"post","link":"https:\/\/www.galega-asso.fr\/index.php\/2019\/08\/31\/lorange-valencia-late\/","title":{"rendered":"L&rsquo;Orange Valencia Late : la meilleure pour les jus !"},"content":{"rendered":"<p><strong><a href=\"https:\/\/www.galega-asso.fr\/wp-content\/uploads\/2018\/03\/jus-d-orange-algarve-Copier.jpg\"><img decoding=\"async\" loading=\"lazy\" class=\"alignleft size-medium wp-image-763\" src=\"https:\/\/www.galega-asso.fr\/wp-content\/uploads\/2018\/03\/jus-d-orange-algarve-Copier-225x300.jpg\" alt=\"jus d orange algarve (Copier)\" width=\"225\" height=\"300\" srcset=\"https:\/\/www.galega-asso.fr\/wp-content\/uploads\/2018\/03\/jus-d-orange-algarve-Copier-225x300.jpg 225w, https:\/\/www.galega-asso.fr\/wp-content\/uploads\/2018\/03\/jus-d-orange-algarve-Copier.jpg 675w\" sizes=\"(max-width: 225px) 100vw, 225px\" \/><\/a><\/strong><\/p>\n<p><strong>Valencia Late :<\/strong><\/p>\n<p>L&rsquo;orange \u00e0 jus la plus appr\u00e9ci\u00e9e mondialement (La part de jus de la Valencia Late est d&rsquo;environ 55%).<\/p>\n<p>La Valencia Late est une orange de taille moyenne, \u00e0 la peau fine, de belle couleur et de grande teneur en jus (appel\u00e9e richesse) avec parfois avec un l\u00e9ger accent acide agr\u00e9able et surtout pas besoin de rajouter du sucre !<\/p>\n<p>Cette orange a probablement \u00e9t\u00e9 introduite d&rsquo;Asie en Europe par les Portugais. Le Portugal \u00e9tait en 1850, avec l&rsquo;\u00eele de Malte, le principal producteur d&rsquo;oranges en Europe.<\/p>\n","protected":false},"excerpt":{"rendered":"<p>Valencia Late : L&rsquo;orange \u00e0 jus la plus appr\u00e9ci\u00e9e mondialement (La part de jus de la Valencia Late est d&rsquo;environ 55%). La Valencia Late est une orange de taille moyenne, \u00e0 la peau fine, de belle couleur et de grande teneur en jus (appel\u00e9e richesse) avec parfois avec un l\u00e9ger accent acide agr\u00e9able et surtout pas besoin de rajouter du [&#8230;]<\/p>\n","protected":false},"author":1,"featured_media":0,"comment_status":"open","ping_status":"open","sticky":false,"template":"","format":"standard","meta":[],"categories":[9],"tags":[],"_links":{"self":[{"href":"https:\/\/www.galega-asso.fr\/index.php\/wp-json\/wp\/v2\/posts\/768"}],"collection":[{"href":"https:\/\/www.galega-asso.fr\/index.php\/wp-json\/wp\/v2\/posts"}],"about":[{"href":"https:\/\/www.galega-asso.fr\/index.php\/wp-json\/wp\/v2\/types\/post"}],"author":[{"embeddable":true,"href":"https:\/\/www.galega-asso.fr\/index.php\/wp-json\/wp\/v2\/users\/1"}],"replies":[{"embeddable":true,"href":"https:\/\/www.galega-asso.fr\/index.php\/wp-json\/wp\/v2\/comments?post=768"}],"version-history":[{"count":3,"href":"https:\/\/www.galega-asso.fr\/index.php\/wp-json\/wp\/v2\/posts\/768\/revisions"}],"predecessor-version":[{"id":772,"href":"https:\/\/www.galega-asso.fr\/index.php\/wp-json\/wp\/v2\/posts\/768\/revisions\/772"}],"wp:attachment":[{"href":"https:\/\/www.galega-asso.fr\/index.php\/wp-json\/wp\/v2\/media?parent=768"}],"wp:term":[{"taxonomy":"category","embeddable":true,"href":"https:\/\/www.galega-asso.fr\/index.php\/wp-json\/wp\/v2\/categories?post=768"},{"taxonomy":"post_tag","embeddable":true,"href":"https:\/\/www.galega-asso.fr\/index.php\/wp-json\/wp\/v2\/tags?post=768"}],"curies":[{"name":"wp","href":"https:\/\/api.w.org\/{rel}","templated":true}]}}